{"id":771,"date":"2023-03-22T18:38:01","date_gmt":"2023-03-22T17:38:01","guid":{"rendered":"https:\/\/frenkel-associes.fr\/?p=771"},"modified":"2023-04-20T10:04:08","modified_gmt":"2023-04-20T08:04:08","slug":"un-moyen-inedit-contre-la-retenue-a-la-source-de-larticle-119-bis-du-cgi","status":"publish","type":"post","link":"https:\/\/frenkel-associes.fr\/fr\/actualites\/un-moyen-inedit-contre-la-retenue-a-la-source-de-larticle-119-bis-du-cgi\/","title":{"rendered":"Un moyen in\u00e9dit contre la retenue \u00e0 la source de l&rsquo;article 119 bis du CGI"},"content":{"rendered":"<p>Dans une importante affaire dont le Cabinet s&rsquo;appr\u00eate \u00e0 saisir le Tribunal administratif de Bordeaux, est en cause une pr\u00e9tendue lib\u00e9ralit\u00e9 consentie par une soci\u00e9t\u00e9 fran\u00e7aise filiale d&rsquo;un groupe chinois \u00e0 une soci\u00e9t\u00e9 s\u0153ur de Hong Kong, que l&rsquo;administration pr\u00e9tend soumettre \u00e0 la retenue \u00e0 la source de l&rsquo;article 119 bis du CGI.  Alain Frenkel entend soulever une question in\u00e9dite tenant \u00e0 l\u2019application de la doctrine administrative. En effet le BOFiP \u00e9nonce de mani\u00e8re constante depuis 2012, dans son commentaire relatif aux r\u00e9mun\u00e9rations et distributions occultes, que ces derni\u00e8res \u00ab \u00e9chappent \u00e0 toute retenue \u00e0 la source \u00bb (RPPM-RCM-10-20-20-40, \u00a7 30). Toutefois cette affirmation est contredite par les commentaires relatifs \u00e0 la retenue \u00e0 la source qui indiquent que \u00ab la retenue \u00e0 la source peut \u00eatre appliqu\u00e9e aux avantages occultes consentis \u00e0 des tiers (\u2026) sur le fondement des dispositions du c de l&rsquo;article 111 du CGI \u00bb (RPPM-RCM-30-30-10-10, \u00a7 70).<\/p>\n<p>Le Cabinet soutient que le contribuable peut se pr\u00e9valoir de la premi\u00e8re des interpr\u00e9tations, laquelle lui est favorable, d\u00e8s lors qu&rsquo;elle est \u00e9nonc\u00e9e dans une partie autonome du BOFIP et est en outre suffisante &#8211; puisque ne n\u00e9cessitant pas, par d\u00e9finition, d&rsquo;\u00eatre compl\u00e9t\u00e9e par les commentaires relatifs aux modalit\u00e9s d&rsquo;application de la retenue.<\/p>","protected":false},"excerpt":{"rendered":"<p>Dans une importante affaire dont le Cabinet s&rsquo;appr\u00eate \u00e0 saisir le Tribunal administratif de Bordeaux, est en cause une pr\u00e9tendue lib\u00e9ralit\u00e9 consentie par une soci\u00e9t\u00e9 fran\u00e7aise filiale d&rsquo;un groupe chinois \u00e0 une soci\u00e9t\u00e9 s\u0153ur de Hong Kong, que l&rsquo;administration pr\u00e9tend soumettre \u00e0 la retenue \u00e0 la source de l&rsquo;article 119 bis du CGI. Alain Frenkel [&hellip;]<\/p>\n","protected":false},"author":2,"featured_media":0,"comment_status":"closed","ping_status":"closed","sticky":false,"template":"","format":"standard","meta":[],"categories":[1],"tags":[],"acf":[],"yoast_head":"<!-- This site is optimized with the Yoast SEO plugin v20.6 - https:\/\/yoast.com\/wordpress\/plugins\/seo\/ -->\n<title>Un moyen in\u00e9dit contre la retenue \u00e0 la source de l&#039;article 119 bis du CGI - Frenkel et Associ\u00e9s<\/title>\n<meta name=\"robots\" content=\"index, follow, max-snippet:-1, max-image-preview:large, max-video-preview:-1\" \/>\n<link rel=\"canonical\" href=\"https:\/\/frenkel-associes.fr\/fr\/actualites\/un-moyen-inedit-contre-la-retenue-a-la-source-de-larticle-119-bis-du-cgi\/\" \/>\n<meta property=\"og:locale\" content=\"fr_FR\" \/>\n<meta property=\"og:type\" content=\"article\" \/>\n<meta property=\"og:title\" content=\"Un moyen in\u00e9dit contre la retenue \u00e0 la source de l&#039;article 119 bis du CGI - Frenkel et Associ\u00e9s\" \/>\n<meta property=\"og:description\" content=\"Dans une importante affaire dont le Cabinet s&rsquo;appr\u00eate \u00e0 saisir le Tribunal administratif de Bordeaux, est en cause une pr\u00e9tendue lib\u00e9ralit\u00e9 consentie par une soci\u00e9t\u00e9 fran\u00e7aise filiale d&rsquo;un groupe chinois \u00e0 une soci\u00e9t\u00e9 s\u0153ur de Hong Kong, que l&rsquo;administration pr\u00e9tend soumettre \u00e0 la retenue \u00e0 la source de l&rsquo;article 119 bis du CGI. Alain Frenkel [&hellip;]\" \/>\n<meta property=\"og:url\" content=\"https:\/\/frenkel-associes.fr\/fr\/actualites\/un-moyen-inedit-contre-la-retenue-a-la-source-de-larticle-119-bis-du-cgi\/\" \/>\n<meta property=\"og:site_name\" content=\"Frenkel et Associ\u00e9s\" \/>\n<meta property=\"article:published_time\" content=\"2023-03-22T17:38:01+00:00\" \/>\n<meta property=\"article:modified_time\" content=\"2023-04-20T08:04:08+00:00\" \/>\n<meta property=\"og:image\" content=\"https:\/\/frenkel-associes.fr\/wp-content\/uploads\/2018\/05\/visuel-associe-full-1.jpg\" \/>\n\t<meta property=\"og:image:width\" content=\"1478\" \/>\n\t<meta property=\"og:image:height\" content=\"1000\" \/>\n\t<meta property=\"og:image:type\" content=\"image\/jpeg\" \/>\n<meta name=\"author\" content=\"Alain Frenkel\" \/>\n<meta name=\"twitter:card\" content=\"summary_large_image\" \/>\n<meta name=\"twitter:label1\" content=\"\u00c9crit par\" \/>\n\t<meta name=\"twitter:data1\" content=\"Alain Frenkel\" \/>\n\t<meta name=\"twitter:label2\" content=\"Dur\u00e9e de lecture estim\u00e9e\" \/>\n\t<meta name=\"twitter:data2\" content=\"2 minutes\" \/>\n<script type=\"application\/ld+json\" class=\"yoast-schema-graph\">{\"@context\":\"https:\/\/schema.org\",\"@graph\":[{\"@type\":\"Article\",\"@id\":\"https:\/\/frenkel-associes.fr\/actualites\/un-moyen-inedit-contre-la-retenue-a-la-source-de-larticle-119-bis-du-cgi\/#article\",\"isPartOf\":{\"@id\":\"https:\/\/frenkel-associes.fr\/actualites\/un-moyen-inedit-contre-la-retenue-a-la-source-de-larticle-119-bis-du-cgi\/\"},\"author\":{\"name\":\"Alain Frenkel\",\"@id\":\"https:\/\/frenkel-associes.fr\/fr\/#\/schema\/person\/7c61f9d7f8f9c5653a2e15252f7414e7\"},\"headline\":\"Un moyen in\u00e9dit contre la retenue \u00e0 la source de l&rsquo;article 119 bis du CGI\",\"datePublished\":\"2023-03-22T17:38:01+00:00\",\"dateModified\":\"2023-04-20T08:04:08+00:00\",\"mainEntityOfPage\":{\"@id\":\"https:\/\/frenkel-associes.fr\/actualites\/un-moyen-inedit-contre-la-retenue-a-la-source-de-larticle-119-bis-du-cgi\/\"},\"wordCount\":451,\"publisher\":{\"@id\":\"https:\/\/frenkel-associes.fr\/fr\/#organization\"},\"inLanguage\":\"fr-FR\"},{\"@type\":\"WebPage\",\"@id\":\"https:\/\/frenkel-associes.fr\/fr\/actualites\/un-moyen-inedit-contre-la-retenue-a-la-source-de-larticle-119-bis-du-cgi\/\",\"url\":\"https:\/\/frenkel-associes.fr\/fr\/actualites\/un-moyen-inedit-contre-la-retenue-a-la-source-de-larticle-119-bis-du-cgi\/\",\"name\":\"Un moyen in\u00e9dit contre la retenue \u00e0 la source de l'article 119 bis du CGI - Frenkel et Associ\u00e9s\",\"isPartOf\":{\"@id\":\"https:\/\/frenkel-associes.fr\/fr\/#website\"},\"datePublished\":\"2023-03-22T17:38:01+00:00\",\"dateModified\":\"2023-04-20T08:04:08+00:00\",\"breadcrumb\":{\"@id\":\"https:\/\/frenkel-associes.fr\/fr\/actualites\/un-moyen-inedit-contre-la-retenue-a-la-source-de-larticle-119-bis-du-cgi\/#breadcrumb\"},\"inLanguage\":\"fr-FR\",\"potentialAction\":[{\"@type\":\"ReadAction\",\"target\":[[\"https:\/\/frenkel-associes.fr\/fr\/actualites\/un-moyen-inedit-contre-la-retenue-a-la-source-de-larticle-119-bis-du-cgi\/\"]]}]},{\"@type\":\"BreadcrumbList\",\"@id\":\"https:\/\/frenkel-associes.fr\/fr\/actualites\/un-moyen-inedit-contre-la-retenue-a-la-source-de-larticle-119-bis-du-cgi\/#breadcrumb\",\"itemListElement\":[{\"@type\":\"ListItem\",\"position\":1,\"name\":\"Accueil\",\"item\":\"https:\/\/frenkel-associes.fr\/fr\/\"},{\"@type\":\"ListItem\",\"position\":2,\"name\":\"Un moyen in\u00e9dit contre la retenue \u00e0 la source de l&rsquo;article 119 bis du CGI\"}]},{\"@type\":\"WebSite\",\"@id\":\"https:\/\/frenkel-associes.fr\/fr\/#website\",\"url\":\"https:\/\/frenkel-associes.fr\/fr\/\",\"name\":\"Frenkel et Associ\u00e9s\",\"description\":\"Bienvenue sur le site officiel du cabinet d&#039;avocats Frenkel &amp; Associ\u00e9s\",\"publisher\":{\"@id\":\"https:\/\/frenkel-associes.fr\/fr\/#organization\"},\"potentialAction\":[{\"@type\":\"SearchAction\",\"target\":{\"@type\":\"EntryPoint\",\"urlTemplate\":\"https:\/\/frenkel-associes.fr\/fr\/?s={search_term_string}\"},\"query-input\":\"required name=search_term_string\"}],\"inLanguage\":\"fr-FR\"},{\"@type\":\"Organization\",\"@id\":\"https:\/\/frenkel-associes.fr\/fr\/#organization\",\"name\":\"Frenkel et Associ\u00e9s\",\"url\":\"https:\/\/frenkel-associes.fr\/fr\/\",\"logo\":{\"@type\":\"ImageObject\",\"inLanguage\":\"fr-FR\",\"@id\":\"https:\/\/frenkel-associes.fr\/fr\/#\/schema\/logo\/image\/\",\"url\":\"https:\/\/frenkel-associes.fr\/wp-content\/uploads\/2017\/09\/logo.png\",\"contentUrl\":\"https:\/\/frenkel-associes.fr\/wp-content\/uploads\/2017\/09\/logo.png\",\"width\":180,\"height\":155,\"caption\":\"Frenkel et Associ\u00e9s\"},\"image\":{\"@id\":\"https:\/\/frenkel-associes.fr\/fr\/#\/schema\/logo\/image\/\"}},{\"@type\":\"Person\",\"@id\":\"https:\/\/frenkel-associes.fr\/fr\/#\/schema\/person\/7c61f9d7f8f9c5653a2e15252f7414e7\",\"name\":\"Alain Frenkel\",\"image\":{\"@type\":\"ImageObject\",\"inLanguage\":\"fr-FR\",\"@id\":\"https:\/\/frenkel-associes.fr\/fr\/#\/schema\/person\/image\/\",\"url\":\"https:\/\/secure.gravatar.com\/avatar\/743371a6bf88a0b46cef7ef7ca0d3983?s=96&d=mm&r=g\",\"contentUrl\":\"https:\/\/secure.gravatar.com\/avatar\/743371a6bf88a0b46cef7ef7ca0d3983?s=96&d=mm&r=g\",\"caption\":\"Alain Frenkel\"}}]}<\/script>\n<!-- \/ Yoast SEO plugin. -->","yoast_head_json":{"title":"Un moyen in\u00e9dit contre la retenue \u00e0 la source de l'article 119 bis du CGI - Frenkel et Associ\u00e9s","robots":{"index":"index","follow":"follow","max-snippet":"max-snippet:-1","max-image-preview":"max-image-preview:large","max-video-preview":"max-video-preview:-1"},"canonical":"https:\/\/frenkel-associes.fr\/fr\/actualites\/un-moyen-inedit-contre-la-retenue-a-la-source-de-larticle-119-bis-du-cgi\/","og_locale":"fr_FR","og_type":"article","og_title":"Un moyen in\u00e9dit contre la retenue \u00e0 la source de l'article 119 bis du CGI - Frenkel et Associ\u00e9s","og_description":"Dans une importante affaire dont le Cabinet s&rsquo;appr\u00eate \u00e0 saisir le Tribunal administratif de Bordeaux, est en cause une pr\u00e9tendue lib\u00e9ralit\u00e9 consentie par une soci\u00e9t\u00e9 fran\u00e7aise filiale d&rsquo;un groupe chinois \u00e0 une soci\u00e9t\u00e9 s\u0153ur de Hong Kong, que l&rsquo;administration pr\u00e9tend soumettre \u00e0 la retenue \u00e0 la source de l&rsquo;article 119 bis du CGI. Alain Frenkel [&hellip;]","og_url":"https:\/\/frenkel-associes.fr\/fr\/actualites\/un-moyen-inedit-contre-la-retenue-a-la-source-de-larticle-119-bis-du-cgi\/","og_site_name":"Frenkel et Associ\u00e9s","article_published_time":"2023-03-22T17:38:01+00:00","article_modified_time":"2023-04-20T08:04:08+00:00","og_image":[{"width":1478,"height":1000,"url":"https:\/\/frenkel-associes.fr\/wp-content\/uploads\/2018\/05\/visuel-associe-full-1.jpg","type":"image\/jpeg"}],"author":"Alain Frenkel","twitter_card":"summary_large_image","twitter_misc":{"\u00c9crit par":"Alain Frenkel","Dur\u00e9e de lecture estim\u00e9e":"2 minutes"},"schema":{"@context":"https:\/\/schema.org","@graph":[{"@type":"Article","@id":"https:\/\/frenkel-associes.fr\/actualites\/un-moyen-inedit-contre-la-retenue-a-la-source-de-larticle-119-bis-du-cgi\/#article","isPartOf":{"@id":"https:\/\/frenkel-associes.fr\/actualites\/un-moyen-inedit-contre-la-retenue-a-la-source-de-larticle-119-bis-du-cgi\/"},"author":{"name":"Alain Frenkel","@id":"https:\/\/frenkel-associes.fr\/fr\/#\/schema\/person\/7c61f9d7f8f9c5653a2e15252f7414e7"},"headline":"Un moyen in\u00e9dit contre la retenue \u00e0 la source de l&rsquo;article 119 bis du CGI","datePublished":"2023-03-22T17:38:01+00:00","dateModified":"2023-04-20T08:04:08+00:00","mainEntityOfPage":{"@id":"https:\/\/frenkel-associes.fr\/actualites\/un-moyen-inedit-contre-la-retenue-a-la-source-de-larticle-119-bis-du-cgi\/"},"wordCount":451,"publisher":{"@id":"https:\/\/frenkel-associes.fr\/fr\/#organization"},"inLanguage":"fr-FR"},{"@type":"WebPage","@id":"https:\/\/frenkel-associes.fr\/fr\/actualites\/un-moyen-inedit-contre-la-retenue-a-la-source-de-larticle-119-bis-du-cgi\/","url":"https:\/\/frenkel-associes.fr\/fr\/actualites\/un-moyen-inedit-contre-la-retenue-a-la-source-de-larticle-119-bis-du-cgi\/","name":"Un moyen in\u00e9dit contre la retenue \u00e0 la source de l'article 119 bis du CGI - Frenkel et Associ\u00e9s","isPartOf":{"@id":"https:\/\/frenkel-associes.fr\/fr\/#website"},"datePublished":"2023-03-22T17:38:01+00:00","dateModified":"2023-04-20T08:04:08+00:00","breadcrumb":{"@id":"https:\/\/frenkel-associes.fr\/fr\/actualites\/un-moyen-inedit-contre-la-retenue-a-la-source-de-larticle-119-bis-du-cgi\/#breadcrumb"},"inLanguage":"fr-FR","potentialAction":[{"@type":"ReadAction","target":[["https:\/\/frenkel-associes.fr\/fr\/actualites\/un-moyen-inedit-contre-la-retenue-a-la-source-de-larticle-119-bis-du-cgi\/"]]}]},{"@type":"BreadcrumbList","@id":"https:\/\/frenkel-associes.fr\/fr\/actualites\/un-moyen-inedit-contre-la-retenue-a-la-source-de-larticle-119-bis-du-cgi\/#breadcrumb","itemListElement":[{"@type":"ListItem","position":1,"name":"Accueil","item":"https:\/\/frenkel-associes.fr\/fr\/"},{"@type":"ListItem","position":2,"name":"Un moyen in\u00e9dit contre la retenue \u00e0 la source de l&rsquo;article 119 bis du CGI"}]},{"@type":"WebSite","@id":"https:\/\/frenkel-associes.fr\/fr\/#website","url":"https:\/\/frenkel-associes.fr\/fr\/","name":"Frenkel et Associ\u00e9s","description":"Bienvenue sur le site officiel du cabinet d&#039;avocats Frenkel &amp; Associ\u00e9s","publisher":{"@id":"https:\/\/frenkel-associes.fr\/fr\/#organization"},"potentialAction":[{"@type":"SearchAction","target":{"@type":"EntryPoint","urlTemplate":"https:\/\/frenkel-associes.fr\/fr\/?s={search_term_string}"},"query-input":"required name=search_term_string"}],"inLanguage":"fr-FR"},{"@type":"Organization","@id":"https:\/\/frenkel-associes.fr\/fr\/#organization","name":"Frenkel et Associ\u00e9s","url":"https:\/\/frenkel-associes.fr\/fr\/","logo":{"@type":"ImageObject","inLanguage":"fr-FR","@id":"https:\/\/frenkel-associes.fr\/fr\/#\/schema\/logo\/image\/","url":"https:\/\/frenkel-associes.fr\/wp-content\/uploads\/2017\/09\/logo.png","contentUrl":"https:\/\/frenkel-associes.fr\/wp-content\/uploads\/2017\/09\/logo.png","width":180,"height":155,"caption":"Frenkel et Associ\u00e9s"},"image":{"@id":"https:\/\/frenkel-associes.fr\/fr\/#\/schema\/logo\/image\/"}},{"@type":"Person","@id":"https:\/\/frenkel-associes.fr\/fr\/#\/schema\/person\/7c61f9d7f8f9c5653a2e15252f7414e7","name":"Alain Frenkel","image":{"@type":"ImageObject","inLanguage":"fr-FR","@id":"https:\/\/frenkel-associes.fr\/fr\/#\/schema\/person\/image\/","url":"https:\/\/secure.gravatar.com\/avatar\/743371a6bf88a0b46cef7ef7ca0d3983?s=96&d=mm&r=g","contentUrl":"https:\/\/secure.gravatar.com\/avatar\/743371a6bf88a0b46cef7ef7ca0d3983?s=96&d=mm&r=g","caption":"Alain Frenkel"}}]}},"_links":{"self":[{"href":"https:\/\/frenkel-associes.fr\/fr\/wp-json\/wp\/v2\/posts\/771"}],"collection":[{"href":"https:\/\/frenkel-associes.fr\/fr\/wp-json\/wp\/v2\/posts"}],"about":[{"href":"https:\/\/frenkel-associes.fr\/fr\/wp-json\/wp\/v2\/types\/post"}],"author":[{"embeddable":true,"href":"https:\/\/frenkel-associes.fr\/fr\/wp-json\/wp\/v2\/users\/2"}],"replies":[{"embeddable":true,"href":"https:\/\/frenkel-associes.fr\/fr\/wp-json\/wp\/v2\/comments?post=771"}],"version-history":[{"count":4,"href":"https:\/\/frenkel-associes.fr\/fr\/wp-json\/wp\/v2\/posts\/771\/revisions"}],"predecessor-version":[{"id":880,"href":"https:\/\/frenkel-associes.fr\/fr\/wp-json\/wp\/v2\/posts\/771\/revisions\/880"}],"wp:attachment":[{"href":"https:\/\/frenkel-associes.fr\/fr\/wp-json\/wp\/v2\/media?parent=771"}],"wp:term":[{"taxonomy":"category","embeddable":true,"href":"https:\/\/frenkel-associes.fr\/fr\/wp-json\/wp\/v2\/categories?post=771"},{"taxonomy":"post_tag","embeddable":true,"href":"https:\/\/frenkel-associes.fr\/fr\/wp-json\/wp\/v2\/tags?post=771"}],"curies":[{"name":"wp","href":"https:\/\/api.w.org\/{rel}","templated":true}]}}