{"id":779,"date":"2021-09-14T18:28:03","date_gmt":"2021-09-14T16:28:03","guid":{"rendered":"https:\/\/frenkel-associes.fr\/?p=779"},"modified":"2021-11-25T17:11:51","modified_gmt":"2021-11-25T16:11:51","slug":"frenkel-associes-considere-comme-excellent-par-le-guide-decideurs-gestion-de-patrimoine","status":"publish","type":"post","link":"https:\/\/frenkel-associes.fr\/fr\/actualites\/frenkel-associes-considere-comme-excellent-par-le-guide-decideurs-gestion-de-patrimoine\/","title":{"rendered":"Frenkel &#038; Associ\u00e9s consid\u00e9r\u00e9 comme \u00ab excellent \u00bb par le guide D\u00e9cideurs \u2013 Gestion de patrimoine"},"content":{"rendered":"<p>Dans son guide 2021 \u00ab Gestion de patrimoine \u00bb le magazine D\u00e9cideurs classe Frenkel &#038; Associ\u00e9s dans la cat\u00e9gorie \u00ab\u00a0Excellent &#8211; rang 1\u00a0\u00bb pour l&rsquo;assistance \u00e0 contentieux et pr\u00e9-contentieux dans ce secteur de la fiscalit\u00e9 &#8211; devant 90 autres cabinets d\u2019avocats.<\/p>","protected":false},"excerpt":{"rendered":"<p>Dans son guide 2021 \u00ab Gestion de patrimoine \u00bb le magazine D\u00e9cideurs classe Frenkel &#038; Associ\u00e9s dans la cat\u00e9gorie \u00ab\u00a0Excellent &#8211; rang 1\u00a0\u00bb pour l&rsquo;assistance \u00e0 contentieux et pr\u00e9-contentieux dans ce secteur de la fiscalit\u00e9 &#8211; devant 90 autres cabinets d\u2019avocats.<\/p>\n","protected":false},"author":2,"featured_media":0,"comment_status":"closed","ping_status":"closed","sticky":false,"template":"","format":"standard","meta":[],"categories":[1],"tags":[],"acf":[],"yoast_head":"<!-- This site is optimized with the Yoast SEO plugin v20.6 - https:\/\/yoast.com\/wordpress\/plugins\/seo\/ -->\n<title>Frenkel &amp; Associ\u00e9s consid\u00e9r\u00e9 comme \u00ab excellent \u00bb par le guide D\u00e9cideurs \u2013 Gestion de patrimoine - Frenkel et Associ\u00e9s<\/title>\n<meta name=\"robots\" content=\"index, follow, max-snippet:-1, max-image-preview:large, max-video-preview:-1\" \/>\n<link rel=\"canonical\" href=\"https:\/\/frenkel-associes.fr\/fr\/actualites\/frenkel-associes-considere-comme-excellent-par-le-guide-decideurs-gestion-de-patrimoine\/\" \/>\n<meta property=\"og:locale\" content=\"fr_FR\" \/>\n<meta property=\"og:type\" content=\"article\" \/>\n<meta property=\"og:title\" content=\"Frenkel &amp; Associ\u00e9s consid\u00e9r\u00e9 comme \u00ab excellent \u00bb par le guide D\u00e9cideurs \u2013 Gestion de patrimoine - Frenkel et Associ\u00e9s\" \/>\n<meta property=\"og:description\" content=\"Dans son guide 2021 \u00ab Gestion de patrimoine \u00bb le magazine D\u00e9cideurs classe Frenkel &#038; Associ\u00e9s dans la cat\u00e9gorie \u00ab\u00a0Excellent &#8211; rang 1\u00a0\u00bb pour l&rsquo;assistance \u00e0 contentieux et pr\u00e9-contentieux dans ce secteur de la fiscalit\u00e9 &#8211; devant 90 autres cabinets d\u2019avocats.\" \/>\n<meta property=\"og:url\" content=\"https:\/\/frenkel-associes.fr\/fr\/actualites\/frenkel-associes-considere-comme-excellent-par-le-guide-decideurs-gestion-de-patrimoine\/\" \/>\n<meta property=\"og:site_name\" content=\"Frenkel et Associ\u00e9s\" \/>\n<meta property=\"article:published_time\" content=\"2021-09-14T16:28:03+00:00\" \/>\n<meta property=\"article:modified_time\" content=\"2021-11-25T16:11:51+00:00\" \/>\n<meta property=\"og:image\" content=\"https:\/\/frenkel-associes.fr\/wp-content\/uploads\/2018\/05\/visuel-associe-full-1.jpg\" \/>\n\t<meta property=\"og:image:width\" content=\"1478\" \/>\n\t<meta property=\"og:image:height\" content=\"1000\" \/>\n\t<meta property=\"og:image:type\" content=\"image\/jpeg\" \/>\n<meta name=\"author\" content=\"Alain Frenkel\" \/>\n<meta name=\"twitter:card\" content=\"summary_large_image\" \/>\n<meta name=\"twitter:label1\" content=\"\u00c9crit par\" \/>\n\t<meta name=\"twitter:data1\" content=\"Alain Frenkel\" \/>\n<script type=\"application\/ld+json\" class=\"yoast-schema-graph\">{\"@context\":\"https:\/\/schema.org\",\"@graph\":[{\"@type\":\"Article\",\"@id\":\"https:\/\/frenkel-associes.fr\/actualites\/frenkel-associes-considere-comme-excellent-par-le-guide-decideurs-gestion-de-patrimoine\/#article\",\"isPartOf\":{\"@id\":\"https:\/\/frenkel-associes.fr\/actualites\/frenkel-associes-considere-comme-excellent-par-le-guide-decideurs-gestion-de-patrimoine\/\"},\"author\":{\"name\":\"Alain Frenkel\",\"@id\":\"https:\/\/frenkel-associes.fr\/fr\/#\/schema\/person\/7c61f9d7f8f9c5653a2e15252f7414e7\"},\"headline\":\"Frenkel &#038; Associ\u00e9s consid\u00e9r\u00e9 comme \u00ab excellent \u00bb par le guide D\u00e9cideurs \u2013 Gestion de patrimoine\",\"datePublished\":\"2021-09-14T16:28:03+00:00\",\"dateModified\":\"2021-11-25T16:11:51+00:00\",\"mainEntityOfPage\":{\"@id\":\"https:\/\/frenkel-associes.fr\/actualites\/frenkel-associes-considere-comme-excellent-par-le-guide-decideurs-gestion-de-patrimoine\/\"},\"wordCount\":108,\"publisher\":{\"@id\":\"https:\/\/frenkel-associes.fr\/fr\/#organization\"},\"inLanguage\":\"fr-FR\"},{\"@type\":\"WebPage\",\"@id\":\"https:\/\/frenkel-associes.fr\/fr\/actualites\/frenkel-associes-considere-comme-excellent-par-le-guide-decideurs-gestion-de-patrimoine\/\",\"url\":\"https:\/\/frenkel-associes.fr\/fr\/actualites\/frenkel-associes-considere-comme-excellent-par-le-guide-decideurs-gestion-de-patrimoine\/\",\"name\":\"Frenkel & Associ\u00e9s consid\u00e9r\u00e9 comme \u00ab excellent \u00bb par le guide D\u00e9cideurs \u2013 Gestion de patrimoine - Frenkel et Associ\u00e9s\",\"isPartOf\":{\"@id\":\"https:\/\/frenkel-associes.fr\/fr\/#website\"},\"datePublished\":\"2021-09-14T16:28:03+00:00\",\"dateModified\":\"2021-11-25T16:11:51+00:00\",\"breadcrumb\":{\"@id\":\"https:\/\/frenkel-associes.fr\/fr\/actualites\/frenkel-associes-considere-comme-excellent-par-le-guide-decideurs-gestion-de-patrimoine\/#breadcrumb\"},\"inLanguage\":\"fr-FR\",\"potentialAction\":[{\"@type\":\"ReadAction\",\"target\":[[\"https:\/\/frenkel-associes.fr\/fr\/actualites\/frenkel-associes-considere-comme-excellent-par-le-guide-decideurs-gestion-de-patrimoine\/\"]]}]},{\"@type\":\"BreadcrumbList\",\"@id\":\"https:\/\/frenkel-associes.fr\/fr\/actualites\/frenkel-associes-considere-comme-excellent-par-le-guide-decideurs-gestion-de-patrimoine\/#breadcrumb\",\"itemListElement\":[{\"@type\":\"ListItem\",\"position\":1,\"name\":\"Accueil\",\"item\":\"https:\/\/frenkel-associes.fr\/fr\/\"},{\"@type\":\"ListItem\",\"position\":2,\"name\":\"Frenkel &#038; Associ\u00e9s consid\u00e9r\u00e9 comme \u00ab excellent \u00bb par le guide D\u00e9cideurs \u2013 Gestion de patrimoine\"}]},{\"@type\":\"WebSite\",\"@id\":\"https:\/\/frenkel-associes.fr\/fr\/#website\",\"url\":\"https:\/\/frenkel-associes.fr\/fr\/\",\"name\":\"Frenkel et Associ\u00e9s\",\"description\":\"Bienvenue sur le site officiel du cabinet d&#039;avocats Frenkel &amp; Associ\u00e9s\",\"publisher\":{\"@id\":\"https:\/\/frenkel-associes.fr\/fr\/#organization\"},\"potentialAction\":[{\"@type\":\"SearchAction\",\"target\":{\"@type\":\"EntryPoint\",\"urlTemplate\":\"https:\/\/frenkel-associes.fr\/fr\/?s={search_term_string}\"},\"query-input\":\"required name=search_term_string\"}],\"inLanguage\":\"fr-FR\"},{\"@type\":\"Organization\",\"@id\":\"https:\/\/frenkel-associes.fr\/fr\/#organization\",\"name\":\"Frenkel et Associ\u00e9s\",\"url\":\"https:\/\/frenkel-associes.fr\/fr\/\",\"logo\":{\"@type\":\"ImageObject\",\"inLanguage\":\"fr-FR\",\"@id\":\"https:\/\/frenkel-associes.fr\/fr\/#\/schema\/logo\/image\/\",\"url\":\"https:\/\/frenkel-associes.fr\/wp-content\/uploads\/2017\/09\/logo.png\",\"contentUrl\":\"https:\/\/frenkel-associes.fr\/wp-content\/uploads\/2017\/09\/logo.png\",\"width\":180,\"height\":155,\"caption\":\"Frenkel et Associ\u00e9s\"},\"image\":{\"@id\":\"https:\/\/frenkel-associes.fr\/fr\/#\/schema\/logo\/image\/\"}},{\"@type\":\"Person\",\"@id\":\"https:\/\/frenkel-associes.fr\/fr\/#\/schema\/person\/7c61f9d7f8f9c5653a2e15252f7414e7\",\"name\":\"Alain Frenkel\",\"image\":{\"@type\":\"ImageObject\",\"inLanguage\":\"fr-FR\",\"@id\":\"https:\/\/frenkel-associes.fr\/fr\/#\/schema\/person\/image\/\",\"url\":\"https:\/\/secure.gravatar.com\/avatar\/743371a6bf88a0b46cef7ef7ca0d3983?s=96&d=mm&r=g\",\"contentUrl\":\"https:\/\/secure.gravatar.com\/avatar\/743371a6bf88a0b46cef7ef7ca0d3983?s=96&d=mm&r=g\",\"caption\":\"Alain Frenkel\"}}]}<\/script>\n<!-- \/ Yoast SEO plugin. -->","yoast_head_json":{"title":"Frenkel & Associ\u00e9s consid\u00e9r\u00e9 comme \u00ab excellent \u00bb par le guide D\u00e9cideurs \u2013 Gestion de patrimoine - Frenkel et Associ\u00e9s","robots":{"index":"index","follow":"follow","max-snippet":"max-snippet:-1","max-image-preview":"max-image-preview:large","max-video-preview":"max-video-preview:-1"},"canonical":"https:\/\/frenkel-associes.fr\/fr\/actualites\/frenkel-associes-considere-comme-excellent-par-le-guide-decideurs-gestion-de-patrimoine\/","og_locale":"fr_FR","og_type":"article","og_title":"Frenkel & Associ\u00e9s consid\u00e9r\u00e9 comme \u00ab excellent \u00bb par le guide D\u00e9cideurs \u2013 Gestion de patrimoine - Frenkel et Associ\u00e9s","og_description":"Dans son guide 2021 \u00ab Gestion de patrimoine \u00bb le magazine D\u00e9cideurs classe Frenkel &#038; Associ\u00e9s dans la cat\u00e9gorie \u00ab\u00a0Excellent &#8211; rang 1\u00a0\u00bb pour l&rsquo;assistance \u00e0 contentieux et pr\u00e9-contentieux dans ce secteur de la fiscalit\u00e9 &#8211; devant 90 autres cabinets d\u2019avocats.","og_url":"https:\/\/frenkel-associes.fr\/fr\/actualites\/frenkel-associes-considere-comme-excellent-par-le-guide-decideurs-gestion-de-patrimoine\/","og_site_name":"Frenkel et Associ\u00e9s","article_published_time":"2021-09-14T16:28:03+00:00","article_modified_time":"2021-11-25T16:11:51+00:00","og_image":[{"width":1478,"height":1000,"url":"https:\/\/frenkel-associes.fr\/wp-content\/uploads\/2018\/05\/visuel-associe-full-1.jpg","type":"image\/jpeg"}],"author":"Alain Frenkel","twitter_card":"summary_large_image","twitter_misc":{"\u00c9crit par":"Alain Frenkel"},"schema":{"@context":"https:\/\/schema.org","@graph":[{"@type":"Article","@id":"https:\/\/frenkel-associes.fr\/actualites\/frenkel-associes-considere-comme-excellent-par-le-guide-decideurs-gestion-de-patrimoine\/#article","isPartOf":{"@id":"https:\/\/frenkel-associes.fr\/actualites\/frenkel-associes-considere-comme-excellent-par-le-guide-decideurs-gestion-de-patrimoine\/"},"author":{"name":"Alain Frenkel","@id":"https:\/\/frenkel-associes.fr\/fr\/#\/schema\/person\/7c61f9d7f8f9c5653a2e15252f7414e7"},"headline":"Frenkel &#038; Associ\u00e9s consid\u00e9r\u00e9 comme \u00ab excellent \u00bb par le guide D\u00e9cideurs \u2013 Gestion de patrimoine","datePublished":"2021-09-14T16:28:03+00:00","dateModified":"2021-11-25T16:11:51+00:00","mainEntityOfPage":{"@id":"https:\/\/frenkel-associes.fr\/actualites\/frenkel-associes-considere-comme-excellent-par-le-guide-decideurs-gestion-de-patrimoine\/"},"wordCount":108,"publisher":{"@id":"https:\/\/frenkel-associes.fr\/fr\/#organization"},"inLanguage":"fr-FR"},{"@type":"WebPage","@id":"https:\/\/frenkel-associes.fr\/fr\/actualites\/frenkel-associes-considere-comme-excellent-par-le-guide-decideurs-gestion-de-patrimoine\/","url":"https:\/\/frenkel-associes.fr\/fr\/actualites\/frenkel-associes-considere-comme-excellent-par-le-guide-decideurs-gestion-de-patrimoine\/","name":"Frenkel & Associ\u00e9s consid\u00e9r\u00e9 comme \u00ab excellent \u00bb par le guide D\u00e9cideurs \u2013 Gestion de patrimoine - Frenkel et Associ\u00e9s","isPartOf":{"@id":"https:\/\/frenkel-associes.fr\/fr\/#website"},"datePublished":"2021-09-14T16:28:03+00:00","dateModified":"2021-11-25T16:11:51+00:00","breadcrumb":{"@id":"https:\/\/frenkel-associes.fr\/fr\/actualites\/frenkel-associes-considere-comme-excellent-par-le-guide-decideurs-gestion-de-patrimoine\/#breadcrumb"},"inLanguage":"fr-FR","potentialAction":[{"@type":"ReadAction","target":[["https:\/\/frenkel-associes.fr\/fr\/actualites\/frenkel-associes-considere-comme-excellent-par-le-guide-decideurs-gestion-de-patrimoine\/"]]}]},{"@type":"BreadcrumbList","@id":"https:\/\/frenkel-associes.fr\/fr\/actualites\/frenkel-associes-considere-comme-excellent-par-le-guide-decideurs-gestion-de-patrimoine\/#breadcrumb","itemListElement":[{"@type":"ListItem","position":1,"name":"Accueil","item":"https:\/\/frenkel-associes.fr\/fr\/"},{"@type":"ListItem","position":2,"name":"Frenkel &#038; Associ\u00e9s consid\u00e9r\u00e9 comme \u00ab excellent \u00bb par le guide D\u00e9cideurs \u2013 Gestion de patrimoine"}]},{"@type":"WebSite","@id":"https:\/\/frenkel-associes.fr\/fr\/#website","url":"https:\/\/frenkel-associes.fr\/fr\/","name":"Frenkel et Associ\u00e9s","description":"Bienvenue sur le site officiel du cabinet d&#039;avocats Frenkel &amp; Associ\u00e9s","publisher":{"@id":"https:\/\/frenkel-associes.fr\/fr\/#organization"},"potentialAction":[{"@type":"SearchAction","target":{"@type":"EntryPoint","urlTemplate":"https:\/\/frenkel-associes.fr\/fr\/?s={search_term_string}"},"query-input":"required name=search_term_string"}],"inLanguage":"fr-FR"},{"@type":"Organization","@id":"https:\/\/frenkel-associes.fr\/fr\/#organization","name":"Frenkel et Associ\u00e9s","url":"https:\/\/frenkel-associes.fr\/fr\/","logo":{"@type":"ImageObject","inLanguage":"fr-FR","@id":"https:\/\/frenkel-associes.fr\/fr\/#\/schema\/logo\/image\/","url":"https:\/\/frenkel-associes.fr\/wp-content\/uploads\/2017\/09\/logo.png","contentUrl":"https:\/\/frenkel-associes.fr\/wp-content\/uploads\/2017\/09\/logo.png","width":180,"height":155,"caption":"Frenkel et Associ\u00e9s"},"image":{"@id":"https:\/\/frenkel-associes.fr\/fr\/#\/schema\/logo\/image\/"}},{"@type":"Person","@id":"https:\/\/frenkel-associes.fr\/fr\/#\/schema\/person\/7c61f9d7f8f9c5653a2e15252f7414e7","name":"Alain Frenkel","image":{"@type":"ImageObject","inLanguage":"fr-FR","@id":"https:\/\/frenkel-associes.fr\/fr\/#\/schema\/person\/image\/","url":"https:\/\/secure.gravatar.com\/avatar\/743371a6bf88a0b46cef7ef7ca0d3983?s=96&d=mm&r=g","contentUrl":"https:\/\/secure.gravatar.com\/avatar\/743371a6bf88a0b46cef7ef7ca0d3983?s=96&d=mm&r=g","caption":"Alain Frenkel"}}]}},"_links":{"self":[{"href":"https:\/\/frenkel-associes.fr\/fr\/wp-json\/wp\/v2\/posts\/779"}],"collection":[{"href":"https:\/\/frenkel-associes.fr\/fr\/wp-json\/wp\/v2\/posts"}],"about":[{"href":"https:\/\/frenkel-associes.fr\/fr\/wp-json\/wp\/v2\/types\/post"}],"author":[{"embeddable":true,"href":"https:\/\/frenkel-associes.fr\/fr\/wp-json\/wp\/v2\/users\/2"}],"replies":[{"embeddable":true,"href":"https:\/\/frenkel-associes.fr\/fr\/wp-json\/wp\/v2\/comments?post=779"}],"version-history":[{"count":2,"href":"https:\/\/frenkel-associes.fr\/fr\/wp-json\/wp\/v2\/posts\/779\/revisions"}],"predecessor-version":[{"id":796,"href":"https:\/\/frenkel-associes.fr\/fr\/wp-json\/wp\/v2\/posts\/779\/revisions\/796"}],"wp:attachment":[{"href":"https:\/\/frenkel-associes.fr\/fr\/wp-json\/wp\/v2\/media?parent=779"}],"wp:term":[{"taxonomy":"category","embeddable":true,"href":"https:\/\/frenkel-associes.fr\/fr\/wp-json\/wp\/v2\/categories?post=779"},{"taxonomy":"post_tag","embeddable":true,"href":"https:\/\/frenkel-associes.fr\/fr\/wp-json\/wp\/v2\/tags?post=779"}],"curies":[{"name":"wp","href":"https:\/\/api.w.org\/{rel}","templated":true}]}}